{"id":377,"date":"2024-01-25T10:15:00","date_gmt":"2024-01-25T10:15:00","guid":{"rendered":"https:\/\/svenskamedbaby.se\/?p=377"},"modified":"2025-04-24T10:29:37","modified_gmt":"2025-04-24T10:29:37","slug":"swedish-with-baby-yeni-bir-proje-sunuyor-three-generations-mots","status":"publish","type":"post","link":"https:\/\/svenskamedbaby.se\/tr\/svenska-med-baby-presenterar-tre-generationer-mots\/","title":{"rendered":"Svenska med baby yeni bir proje sunuyor, \u00dc\u00e7 nesil bulu\u015fuyor"},"content":{"rendered":"<figure class=\"wp-block-image size-large\"><img fetchpriority=\"high\" decoding=\"async\" width=\"1024\" height=\"682\" src=\"https:\/\/svenskamedbaby.se\/wp-content\/uploads\/2024\/08\/TGM_04-1-1024x682.jpg\" alt=\"\" class=\"wp-image-1700\" srcset=\"https:\/\/svenskamedbaby.se\/wp-content\/uploads\/2024\/08\/TGM_04-1-1024x682.jpg 1024w, https:\/\/svenskamedbaby.se\/wp-content\/uploads\/2024\/08\/TGM_04-1-300x200.jpg 300w, https:\/\/svenskamedbaby.se\/wp-content\/uploads\/2024\/08\/TGM_04-1-768x512.jpg 768w, https:\/\/svenskamedbaby.se\/wp-content\/uploads\/2024\/08\/TGM_04-1-391x260.jpg 391w, https:\/\/svenskamedbaby.se\/wp-content\/uploads\/2024\/08\/TGM_04-1-1536x1024.jpg 1536w, https:\/\/svenskamedbaby.se\/wp-content\/uploads\/2024\/08\/TGM_04-1-18x12.jpg 18w, https:\/\/svenskamedbaby.se\/wp-content\/uploads\/2024\/08\/TGM_04-1.jpg 2000w\" sizes=\"(max-width: 1024px) 100vw, 1024px\" \/><\/figure>\n\n\n\n<p>Svenska med baby, \u0130sve\u00e7'te hen\u00fcz yerle\u015fik olmayan \u00e7ocuklu aileler ile burada yerle\u015fik olan ya\u015fl\u0131lar aras\u0131nda temas sa\u011flamay\u0131 ama\u00e7layan yeni bir proje olan \u00dc\u00e7 Nesil Bulu\u015fuyor'u sunuyor. Proje Stockholm'de Farsta, Skarpn\u00e4ck ve J\u00e4rva olmak \u00fczere \u00fc\u00e7 mahallede ger\u00e7ekle\u015ftirilecektir.\u00a0<a href=\"https:\/\/svenskamedbaby.se\/tre-generationer-mots\/\">Proje ve amac\u0131 hakk\u0131nda daha fazla bilgi edinin.<\/a><\/p>","protected":false},"excerpt":{"rendered":"<p>Svenska med baby, \u0130sve\u00e7'te hen\u00fcz yerle\u015fik olmayan \u00e7ocuklu aileler ile burada yerle\u015fik olan ya\u015fl\u0131lar aras\u0131nda temas sa\u011flamay\u0131 ama\u00e7layan yeni bir proje olan \u00dc\u00e7 Nesil Bulu\u015fuyor'u sunuyor. Proje Stockholm'de Farsta, Skarpn\u00e4ck ve J\u00e4rva olmak \u00fczere \u00fc\u00e7 mahallede y\u00fcr\u00fct\u00fclecektir. Proje ve amac\u0131 hakk\u0131nda daha fazla bilgi edinin.<\/p>","protected":false},"author":2,"featured_media":711,"comment_status":"closed","ping_status":"open","sticky":false,"template":"","format":"standard","meta":{"_kad_post_transparent":"","_kad_post_title":"","_kad_post_layout":"","_kad_post_sidebar_id":"","_kad_post_content_style":"","_kad_post_vertical_padding":"","_kad_post_feature":"","_kad_post_feature_position":"","_kad_post_header":false,"_kad_post_footer":false,"footnotes":""},"categories":[1],"tags":[],"class_list":["post-377","post","type-post","status-publish","format-standard","has-post-thumbnail","hentry","category-uncategorized"],"yoast_head":"<!-- This site is optimized with the Yoast SEO plugin v27.5 - https:\/\/yoast.com\/product\/yoast-seo-wordpress\/ -->\n<title>Svenska med baby presenterar ett nytt projekt, Tre generationer m\u00f6ts - Svenska med baby<\/title>\n<meta name=\"robots\" content=\"index, follow, max-snippet:-1, max-image-preview:large, max-video-preview:-1\" \/>\n<link rel=\"canonical\" href=\"https:\/\/svenskamedbaby.se\/tr\/swedish-with-baby-yeni-bir-proje-sunuyor-three-generations-mots\/\" \/>\n<meta property=\"og:locale\" content=\"tr_TR\" \/>\n<meta property=\"og:type\" content=\"article\" \/>\n<meta property=\"og:title\" content=\"Svenska med baby presenterar ett nytt projekt, Tre generationer m\u00f6ts - Svenska med baby\" \/>\n<meta property=\"og:description\" content=\"Svenska med baby presenterar ett nytt projekt, Tre generationer m\u00f6ts, som syftar till att m\u00f6jligg\u00f6ra\u00a0kontakter mellan barnfamiljer som \u00e4nnu inte \u00e4r etablerade i Sverige och seniorer som \u00e4r v\u00e4l etablerade h\u00e4r.\u00a0Projektet kommer att utg\u00e5 fr\u00e5n tre stadsdelar i Stockholm \u2013 Farsta, Skarpn\u00e4ck och J\u00e4rva.\u00a0Ta reda p\u00e5 mer om projektet och dess syfte.\" \/>\n<meta property=\"og:url\" content=\"https:\/\/svenskamedbaby.se\/tr\/swedish-with-baby-yeni-bir-proje-sunuyor-three-generations-mots\/\" \/>\n<meta property=\"og:site_name\" content=\"Svenska med baby\" \/>\n<meta property=\"article:publisher\" content=\"https:\/\/www.facebook.com\/svenskamedbaby\" \/>\n<meta property=\"article:published_time\" content=\"2024-01-25T10:15:00+00:00\" \/>\n<meta property=\"article:modified_time\" content=\"2025-04-24T10:29:37+00:00\" \/>\n<meta property=\"og:image\" content=\"https:\/\/svenskamedbaby.se\/wp-content\/uploads\/2024\/02\/SMB_Tre-generationer_10-1.jpg\" \/>\n\t<meta property=\"og:image:width\" content=\"600\" \/>\n\t<meta property=\"og:image:height\" content=\"900\" \/>\n\t<meta property=\"og:image:type\" content=\"image\/jpeg\" \/>\n<meta name=\"author\" content=\"Pigment\" \/>\n<meta name=\"twitter:card\" content=\"summary_large_image\" \/>\n<meta name=\"twitter:label1\" content=\"Yazan:\" \/>\n\t<meta name=\"twitter:data1\" content=\"Pigment\" \/>\n\t<meta name=\"twitter:label2\" content=\"Tahmini okuma s\u00fcresi\" \/>\n\t<meta name=\"twitter:data2\" content=\"1 dakika\" \/>\n<script type=\"application\/ld+json\" class=\"yoast-schema-graph\">{\"@context\":\"https:\\\/\\\/schema.org\",\"@graph\":[{\"@type\":\"Article\",\"@id\":\"https:\\\/\\\/svenskamedbaby.se\\\/svenska-med-baby-presenterar-tre-generationer-mots\\\/#article\",\"isPartOf\":{\"@id\":\"https:\\\/\\\/svenskamedbaby.se\\\/svenska-med-baby-presenterar-tre-generationer-mots\\\/\"},\"author\":{\"name\":\"Pigment\",\"@id\":\"https:\\\/\\\/svenskamedbaby.se\\\/#\\\/schema\\\/person\\\/e7857936d7fcdb1bd06a5b88595cd0ad\"},\"headline\":\"Svenska med baby presenterar ett nytt projekt, Tre generationer m\u00f6ts\",\"datePublished\":\"2024-01-25T10:15:00+00:00\",\"dateModified\":\"2025-04-24T10:29:37+00:00\",\"mainEntityOfPage\":{\"@id\":\"https:\\\/\\\/svenskamedbaby.se\\\/svenska-med-baby-presenterar-tre-generationer-mots\\\/\"},\"wordCount\":73,\"publisher\":{\"@id\":\"https:\\\/\\\/svenskamedbaby.se\\\/#organization\"},\"image\":{\"@id\":\"https:\\\/\\\/svenskamedbaby.se\\\/svenska-med-baby-presenterar-tre-generationer-mots\\\/#primaryimage\"},\"thumbnailUrl\":\"https:\\\/\\\/svenskamedbaby.se\\\/wp-content\\\/uploads\\\/2024\\\/02\\\/SMB_Tre-generationer_10-1-e1751881633792.jpg\",\"articleSection\":[\"Uncategorized\"],\"inLanguage\":\"tr\"},{\"@type\":\"WebPage\",\"@id\":\"https:\\\/\\\/svenskamedbaby.se\\\/svenska-med-baby-presenterar-tre-generationer-mots\\\/\",\"url\":\"https:\\\/\\\/svenskamedbaby.se\\\/svenska-med-baby-presenterar-tre-generationer-mots\\\/\",\"name\":\"Svenska med baby presenterar ett nytt projekt, Tre generationer m\u00f6ts - Svenska med baby\",\"isPartOf\":{\"@id\":\"https:\\\/\\\/svenskamedbaby.se\\\/#website\"},\"primaryImageOfPage\":{\"@id\":\"https:\\\/\\\/svenskamedbaby.se\\\/svenska-med-baby-presenterar-tre-generationer-mots\\\/#primaryimage\"},\"image\":{\"@id\":\"https:\\\/\\\/svenskamedbaby.se\\\/svenska-med-baby-presenterar-tre-generationer-mots\\\/#primaryimage\"},\"thumbnailUrl\":\"https:\\\/\\\/svenskamedbaby.se\\\/wp-content\\\/uploads\\\/2024\\\/02\\\/SMB_Tre-generationer_10-1-e1751881633792.jpg\",\"datePublished\":\"2024-01-25T10:15:00+00:00\",\"dateModified\":\"2025-04-24T10:29:37+00:00\",\"breadcrumb\":{\"@id\":\"https:\\\/\\\/svenskamedbaby.se\\\/svenska-med-baby-presenterar-tre-generationer-mots\\\/#breadcrumb\"},\"inLanguage\":\"tr\",\"potentialAction\":[{\"@type\":\"ReadAction\",\"target\":[\"https:\\\/\\\/svenskamedbaby.se\\\/svenska-med-baby-presenterar-tre-generationer-mots\\\/\"]}]},{\"@type\":\"ImageObject\",\"inLanguage\":\"tr\",\"@id\":\"https:\\\/\\\/svenskamedbaby.se\\\/svenska-med-baby-presenterar-tre-generationer-mots\\\/#primaryimage\",\"url\":\"https:\\\/\\\/svenskamedbaby.se\\\/wp-content\\\/uploads\\\/2024\\\/02\\\/SMB_Tre-generationer_10-1-e1751881633792.jpg\",\"contentUrl\":\"https:\\\/\\\/svenskamedbaby.se\\\/wp-content\\\/uploads\\\/2024\\\/02\\\/SMB_Tre-generationer_10-1-e1751881633792.jpg\",\"width\":600,\"height\":373,\"caption\":\"\u00c4ldre damer pysslar med sm\u00e5barn.\"},{\"@type\":\"BreadcrumbList\",\"@id\":\"https:\\\/\\\/svenskamedbaby.se\\\/svenska-med-baby-presenterar-tre-generationer-mots\\\/#breadcrumb\",\"itemListElement\":[{\"@type\":\"ListItem\",\"position\":1,\"name\":\"Home\",\"item\":\"https:\\\/\\\/svenskamedbaby.se\\\/\"},{\"@type\":\"ListItem\",\"position\":2,\"name\":\"Svenska med baby presenterar ett nytt projekt, Tre generationer m\u00f6ts\"}]},{\"@type\":\"WebSite\",\"@id\":\"https:\\\/\\\/svenskamedbaby.se\\\/#website\",\"url\":\"https:\\\/\\\/svenskamedbaby.se\\\/\",\"name\":\"Svenska med baby\",\"description\":\"Tr\u00e4ffar f\u00f6r sm\u00e5barn och vuxna med olika bakrund\",\"publisher\":{\"@id\":\"https:\\\/\\\/svenskamedbaby.se\\\/#organization\"},\"potentialAction\":[{\"@type\":\"SearchAction\",\"target\":{\"@type\":\"EntryPoint\",\"urlTemplate\":\"https:\\\/\\\/svenskamedbaby.se\\\/?s={search_term_string}\"},\"query-input\":{\"@type\":\"PropertyValueSpecification\",\"valueRequired\":true,\"valueName\":\"search_term_string\"}}],\"inLanguage\":\"tr\"},{\"@type\":\"Organization\",\"@id\":\"https:\\\/\\\/svenskamedbaby.se\\\/#organization\",\"name\":\"Svenska med baby\",\"url\":\"https:\\\/\\\/svenskamedbaby.se\\\/\",\"logo\":{\"@type\":\"ImageObject\",\"inLanguage\":\"tr\",\"@id\":\"https:\\\/\\\/svenskamedbaby.se\\\/#\\\/schema\\\/logo\\\/image\\\/\",\"url\":\"https:\\\/\\\/svenskamedbaby.se\\\/wp-content\\\/uploads\\\/2024\\\/01\\\/cropped-logo-liggande_orange.png\",\"contentUrl\":\"https:\\\/\\\/svenskamedbaby.se\\\/wp-content\\\/uploads\\\/2024\\\/01\\\/cropped-logo-liggande_orange.png\",\"width\":3101,\"height\":1056,\"caption\":\"Svenska med baby\"},\"image\":{\"@id\":\"https:\\\/\\\/svenskamedbaby.se\\\/#\\\/schema\\\/logo\\\/image\\\/\"},\"sameAs\":[\"https:\\\/\\\/www.facebook.com\\\/svenskamedbaby\",\"https:\\\/\\\/www.instagram.com\\\/svenskamedbaby\\\/\",\"https:\\\/\\\/www.youtube.com\\\/@svenskamedbaby2469\"]},{\"@type\":\"Person\",\"@id\":\"https:\\\/\\\/svenskamedbaby.se\\\/#\\\/schema\\\/person\\\/e7857936d7fcdb1bd06a5b88595cd0ad\",\"name\":\"Pigment\",\"image\":{\"@type\":\"ImageObject\",\"inLanguage\":\"tr\",\"@id\":\"https:\\\/\\\/secure.gravatar.com\\\/avatar\\\/5e1a858f8758815b673ccdf1c2bcefc232ba3bcf2430c3e020843696a74181b0?s=96&d=mm&r=g\",\"url\":\"https:\\\/\\\/secure.gravatar.com\\\/avatar\\\/5e1a858f8758815b673ccdf1c2bcefc232ba3bcf2430c3e020843696a74181b0?s=96&d=mm&r=g\",\"contentUrl\":\"https:\\\/\\\/secure.gravatar.com\\\/avatar\\\/5e1a858f8758815b673ccdf1c2bcefc232ba3bcf2430c3e020843696a74181b0?s=96&d=mm&r=g\",\"caption\":\"Pigment\"}}]}<\/script>\n<!-- \/ Yoast SEO plugin. -->","yoast_head_json":{"title":"Svenska med baby yeni bir proje sunuyor, \u00dc\u00e7 nesil bulu\u015fuyor - Svenska med baby","robots":{"index":"index","follow":"follow","max-snippet":"max-snippet:-1","max-image-preview":"max-image-preview:large","max-video-preview":"max-video-preview:-1"},"canonical":"https:\/\/svenskamedbaby.se\/tr\/swedish-with-baby-yeni-bir-proje-sunuyor-three-generations-mots\/","og_locale":"tr_TR","og_type":"article","og_title":"Svenska med baby presenterar ett nytt projekt, Tre generationer m\u00f6ts - Svenska med baby","og_description":"Svenska med baby presenterar ett nytt projekt, Tre generationer m\u00f6ts, som syftar till att m\u00f6jligg\u00f6ra\u00a0kontakter mellan barnfamiljer som \u00e4nnu inte \u00e4r etablerade i Sverige och seniorer som \u00e4r v\u00e4l etablerade h\u00e4r.\u00a0Projektet kommer att utg\u00e5 fr\u00e5n tre stadsdelar i Stockholm \u2013 Farsta, Skarpn\u00e4ck och J\u00e4rva.\u00a0Ta reda p\u00e5 mer om projektet och dess syfte.","og_url":"https:\/\/svenskamedbaby.se\/tr\/swedish-with-baby-yeni-bir-proje-sunuyor-three-generations-mots\/","og_site_name":"Svenska med baby","article_publisher":"https:\/\/www.facebook.com\/svenskamedbaby","article_published_time":"2024-01-25T10:15:00+00:00","article_modified_time":"2025-04-24T10:29:37+00:00","og_image":[{"width":600,"height":900,"url":"https:\/\/svenskamedbaby.se\/wp-content\/uploads\/2024\/02\/SMB_Tre-generationer_10-1.jpg","type":"image\/jpeg"}],"author":"Pigment","twitter_card":"summary_large_image","twitter_misc":{"Yazan:":"Pigment","Tahmini okuma s\u00fcresi":"1 dakika"},"schema":{"@context":"https:\/\/schema.org","@graph":[{"@type":"Article","@id":"https:\/\/svenskamedbaby.se\/svenska-med-baby-presenterar-tre-generationer-mots\/#article","isPartOf":{"@id":"https:\/\/svenskamedbaby.se\/svenska-med-baby-presenterar-tre-generationer-mots\/"},"author":{"name":"Pigment","@id":"https:\/\/svenskamedbaby.se\/#\/schema\/person\/e7857936d7fcdb1bd06a5b88595cd0ad"},"headline":"Svenska med baby presenterar ett nytt projekt, Tre generationer m\u00f6ts","datePublished":"2024-01-25T10:15:00+00:00","dateModified":"2025-04-24T10:29:37+00:00","mainEntityOfPage":{"@id":"https:\/\/svenskamedbaby.se\/svenska-med-baby-presenterar-tre-generationer-mots\/"},"wordCount":73,"publisher":{"@id":"https:\/\/svenskamedbaby.se\/#organization"},"image":{"@id":"https:\/\/svenskamedbaby.se\/svenska-med-baby-presenterar-tre-generationer-mots\/#primaryimage"},"thumbnailUrl":"https:\/\/svenskamedbaby.se\/wp-content\/uploads\/2024\/02\/SMB_Tre-generationer_10-1-e1751881633792.jpg","articleSection":["Uncategorized"],"inLanguage":"tr"},{"@type":"WebPage","@id":"https:\/\/svenskamedbaby.se\/svenska-med-baby-presenterar-tre-generationer-mots\/","url":"https:\/\/svenskamedbaby.se\/svenska-med-baby-presenterar-tre-generationer-mots\/","name":"Svenska med baby yeni bir proje sunuyor, \u00dc\u00e7 nesil bulu\u015fuyor - Svenska med baby","isPartOf":{"@id":"https:\/\/svenskamedbaby.se\/#website"},"primaryImageOfPage":{"@id":"https:\/\/svenskamedbaby.se\/svenska-med-baby-presenterar-tre-generationer-mots\/#primaryimage"},"image":{"@id":"https:\/\/svenskamedbaby.se\/svenska-med-baby-presenterar-tre-generationer-mots\/#primaryimage"},"thumbnailUrl":"https:\/\/svenskamedbaby.se\/wp-content\/uploads\/2024\/02\/SMB_Tre-generationer_10-1-e1751881633792.jpg","datePublished":"2024-01-25T10:15:00+00:00","dateModified":"2025-04-24T10:29:37+00:00","breadcrumb":{"@id":"https:\/\/svenskamedbaby.se\/svenska-med-baby-presenterar-tre-generationer-mots\/#breadcrumb"},"inLanguage":"tr","potentialAction":[{"@type":"ReadAction","target":["https:\/\/svenskamedbaby.se\/svenska-med-baby-presenterar-tre-generationer-mots\/"]}]},{"@type":"ImageObject","inLanguage":"tr","@id":"https:\/\/svenskamedbaby.se\/svenska-med-baby-presenterar-tre-generationer-mots\/#primaryimage","url":"https:\/\/svenskamedbaby.se\/wp-content\/uploads\/2024\/02\/SMB_Tre-generationer_10-1-e1751881633792.jpg","contentUrl":"https:\/\/svenskamedbaby.se\/wp-content\/uploads\/2024\/02\/SMB_Tre-generationer_10-1-e1751881633792.jpg","width":600,"height":373,"caption":"\u00c4ldre damer pysslar med sm\u00e5barn."},{"@type":"BreadcrumbList","@id":"https:\/\/svenskamedbaby.se\/svenska-med-baby-presenterar-tre-generationer-mots\/#breadcrumb","itemListElement":[{"@type":"ListItem","position":1,"name":"Home","item":"https:\/\/svenskamedbaby.se\/"},{"@type":"ListItem","position":2,"name":"Svenska med baby presenterar ett nytt projekt, Tre generationer m\u00f6ts"}]},{"@type":"WebSite","@id":"https:\/\/svenskamedbaby.se\/#website","url":"https:\/\/svenskamedbaby.se\/","name":"Svenska med baby","description":"Farkl\u0131 ge\u00e7mi\u015flerden gelen k\u00fc\u00e7\u00fck \u00e7ocuklar ve yeti\u015fkinler i\u00e7in toplant\u0131lar","publisher":{"@id":"https:\/\/svenskamedbaby.se\/#organization"},"potentialAction":[{"@type":"SearchAction","target":{"@type":"EntryPoint","urlTemplate":"https:\/\/svenskamedbaby.se\/?s={search_term_string}"},"query-input":{"@type":"PropertyValueSpecification","valueRequired":true,"valueName":"search_term_string"}}],"inLanguage":"tr"},{"@type":"Organization","@id":"https:\/\/svenskamedbaby.se\/#organization","name":"Svenska med baby","url":"https:\/\/svenskamedbaby.se\/","logo":{"@type":"ImageObject","inLanguage":"tr","@id":"https:\/\/svenskamedbaby.se\/#\/schema\/logo\/image\/","url":"https:\/\/svenskamedbaby.se\/wp-content\/uploads\/2024\/01\/cropped-logo-liggande_orange.png","contentUrl":"https:\/\/svenskamedbaby.se\/wp-content\/uploads\/2024\/01\/cropped-logo-liggande_orange.png","width":3101,"height":1056,"caption":"Svenska med baby"},"image":{"@id":"https:\/\/svenskamedbaby.se\/#\/schema\/logo\/image\/"},"sameAs":["https:\/\/www.facebook.com\/svenskamedbaby","https:\/\/www.instagram.com\/svenskamedbaby\/","https:\/\/www.youtube.com\/@svenskamedbaby2469"]},{"@type":"Person","@id":"https:\/\/svenskamedbaby.se\/#\/schema\/person\/e7857936d7fcdb1bd06a5b88595cd0ad","name":"Pigment","image":{"@type":"ImageObject","inLanguage":"tr","@id":"https:\/\/secure.gravatar.com\/avatar\/5e1a858f8758815b673ccdf1c2bcefc232ba3bcf2430c3e020843696a74181b0?s=96&d=mm&r=g","url":"https:\/\/secure.gravatar.com\/avatar\/5e1a858f8758815b673ccdf1c2bcefc232ba3bcf2430c3e020843696a74181b0?s=96&d=mm&r=g","contentUrl":"https:\/\/secure.gravatar.com\/avatar\/5e1a858f8758815b673ccdf1c2bcefc232ba3bcf2430c3e020843696a74181b0?s=96&d=mm&r=g","caption":"Pigment"}}]}},"_links":{"self":[{"href":"https:\/\/svenskamedbaby.se\/tr\/wp-json\/wp\/v2\/posts\/377","targetHints":{"allow":["GET"]}}],"collection":[{"href":"https:\/\/svenskamedbaby.se\/tr\/wp-json\/wp\/v2\/posts"}],"about":[{"href":"https:\/\/svenskamedbaby.se\/tr\/wp-json\/wp\/v2\/types\/post"}],"author":[{"embeddable":true,"href":"https:\/\/svenskamedbaby.se\/tr\/wp-json\/wp\/v2\/users\/2"}],"replies":[{"embeddable":true,"href":"https:\/\/svenskamedbaby.se\/tr\/wp-json\/wp\/v2\/comments?post=377"}],"version-history":[{"count":0,"href":"https:\/\/svenskamedbaby.se\/tr\/wp-json\/wp\/v2\/posts\/377\/revisions"}],"wp:featuredmedia":[{"embeddable":true,"href":"https:\/\/svenskamedbaby.se\/tr\/wp-json\/wp\/v2\/media\/711"}],"wp:attachment":[{"href":"https:\/\/svenskamedbaby.se\/tr\/wp-json\/wp\/v2\/media?parent=377"}],"wp:term":[{"taxonomy":"category","embeddable":true,"href":"https:\/\/svenskamedbaby.se\/tr\/wp-json\/wp\/v2\/categories?post=377"},{"taxonomy":"post_tag","embeddable":true,"href":"https:\/\/svenskamedbaby.se\/tr\/wp-json\/wp\/v2\/tags?post=377"}],"curies":[{"name":"wp","href":"https:\/\/api.w.org\/{rel}","templated":true}]}}